{"id":12797,"date":"2026-03-12T11:35:59","date_gmt":"2026-03-12T11:35:59","guid":{"rendered":"https:\/\/www.clausius.es\/?p=12797"},"modified":"2026-03-12T11:35:59","modified_gmt":"2026-03-12T11:35:59","slug":"un-hito-historico-en-la-vida-sostenible","status":"publish","type":"post","link":"https:\/\/www.clausius.es\/de\/un-hito-historico-en-la-vida-sostenible\/","title":{"rendered":"\u00a1UN HITO HIST\u00d3RICO EN LA VIDA SOSTENIBLE!"},"content":{"rendered":"<p>\u00a1Un hito hist\u00f3rico en la vida sostenible!<\/p>\n<p>Nos complace anunciar que hemos entregado con \u00e9xito la primera villa residencial privada de la India con sistemas de aire acondicionado geot\u00e9rmico y radiante.<\/p>\n<p>Esta vivienda redefine el confort, la eficiencia y la sostenibilidad.<\/p>\n<p>\ud83d\udd39 Sin ventiladores. Sin corrientes de aire. Confort puro y silencioso.<br \/>\n\ud83d\udd39 Refrigeraci\u00f3n y calefacci\u00f3n uniformes en toda la villa. Simult\u00e1neamente, produce agua caliente sanitaria a partir de la recuperaci\u00f3n de calor.<br \/>\n\ud83d\udd39 Consumo energ\u00e9tico ultrabajo: ahorro energ\u00e9tico del 45 % en comparaci\u00f3n con los sistemas convencionales.<br \/>\n\ud83d\udd39 Larga vida \u00fatil del sistema (m\u00e1s de 25 a\u00f1os para los circuitos geot\u00e9rmicos).<br \/>\n\ud83d\udd39 Bajo mantenimiento y alta fiabilidad.<br \/>\n\ud83d\udd39 Vida preparada para el futuro y positiva para el clima: ahorro anual de 88 tCO\u2082 en emisiones.<br \/>\n\ud83d\udd39 82 % menos de uso de refrigerante.<\/p>\n<p>Al aprovechar la temperatura estable de la tierra, esta villa disfruta de un confort natural con un impacto medioambiental m\u00ednimo, lo que establece un nuevo punto de referencia para las viviendas de lujo en la India.<\/p>\n<p>Esto es m\u00e1s que un proyecto.<br \/>\nEs un paso hacia una vida m\u00e1s inteligente, m\u00e1s silenciosa y verdaderamente sostenible.<\/p>\n<p>\u00bfLe interesa llevar el confort geot\u00e9rmico a su hogar o proyecto?<br \/>\nConstruyamos el futuro de forma sostenible.<\/p>\n<p><img loading=\"lazy\" decoding=\"async\" class=\"alignnone size-large wp-image-12746\" src=\"https:\/\/www.clausius.es\/wp-content\/uploads\/2026\/03\/Instalacion-India-1-1030x687.jpeg\" alt=\"\" width=\"1030\" height=\"687\" srcset=\"https:\/\/www.clausius.es\/wp-content\/uploads\/2026\/03\/Instalacion-India-1-1030x687.jpeg 1030w, https:\/\/www.clausius.es\/wp-content\/uploads\/2026\/03\/Instalacion-India-1-300x200.jpeg 300w, https:\/\/www.clausius.es\/wp-content\/uploads\/2026\/03\/Instalacion-India-1-768x512.jpeg 768w, https:\/\/www.clausius.es\/wp-content\/uploads\/2026\/03\/Instalacion-India-1-1500x1000.jpeg 1500w, https:\/\/www.clausius.es\/wp-content\/uploads\/2026\/03\/Instalacion-India-1-705x470.jpeg 705w, https:\/\/www.clausius.es\/wp-content\/uploads\/2026\/03\/Instalacion-India-1.jpeg 1536w\" sizes=\"auto, (max-width: 1030px) 100vw, 1030px\" \/><\/p>\n<p><img loading=\"lazy\" decoding=\"async\" class=\"alignnone  wp-image-12771\" src=\"https:\/\/www.clausius.es\/wp-content\/uploads\/2026\/03\/Instalacion-India-2-773x1030.jpeg\" alt=\"\" width=\"1030\" height=\"1372\" srcset=\"https:\/\/www.clausius.es\/wp-content\/uploads\/2026\/03\/Instalacion-India-2-773x1030.jpeg 773w, https:\/\/www.clausius.es\/wp-content\/uploads\/2026\/03\/Instalacion-India-2-225x300.jpeg 225w, https:\/\/www.clausius.es\/wp-content\/uploads\/2026\/03\/Instalacion-India-2-768x1024.jpeg 768w, https:\/\/www.clausius.es\/wp-content\/uploads\/2026\/03\/Instalacion-India-2-1152x1536.jpeg 1152w, https:\/\/www.clausius.es\/wp-content\/uploads\/2026\/03\/Instalacion-India-2-1125x1500.jpeg 1125w, https:\/\/www.clausius.es\/wp-content\/uploads\/2026\/03\/Instalacion-India-2-529x705.jpeg 529w, https:\/\/www.clausius.es\/wp-content\/uploads\/2026\/03\/Instalacion-India-2.jpeg 1200w\" sizes=\"auto, (max-width: 1030px) 100vw, 1030px\" \/><\/p>\n<p><img loading=\"lazy\" decoding=\"async\" class=\"alignnone size-large wp-image-12761\" src=\"https:\/\/www.clausius.es\/wp-content\/uploads\/2026\/03\/Instalacion-India-3-1030x773.jpeg\" alt=\"\" width=\"1030\" height=\"773\" srcset=\"https:\/\/www.clausius.es\/wp-content\/uploads\/2026\/03\/Instalacion-India-3-1030x773.jpeg 1030w, https:\/\/www.clausius.es\/wp-content\/uploads\/2026\/03\/Instalacion-India-3-300x225.jpeg 300w, https:\/\/www.clausius.es\/wp-content\/uploads\/2026\/03\/Instalacion-India-3-768x576.jpeg 768w, https:\/\/www.clausius.es\/wp-content\/uploads\/2026\/03\/Instalacion-India-3-1536x1152.jpeg 1536w, https:\/\/www.clausius.es\/wp-content\/uploads\/2026\/03\/Instalacion-India-3-1500x1125.jpeg 1500w, https:\/\/www.clausius.es\/wp-content\/uploads\/2026\/03\/Instalacion-India-3-705x529.jpeg 705w, https:\/\/www.clausius.es\/wp-content\/uploads\/2026\/03\/Instalacion-India-3.jpeg 1600w\" sizes=\"auto, (max-width: 1030px) 100vw, 1030px\" \/><\/p>\n<p><img loading=\"lazy\" decoding=\"async\" class=\"alignnone size-large wp-image-12766\" src=\"https:\/\/www.clausius.es\/wp-content\/uploads\/2026\/03\/Instalacion-India-4-1030x773.jpeg\" alt=\"\" width=\"1030\" height=\"773\" srcset=\"https:\/\/www.clausius.es\/wp-content\/uploads\/2026\/03\/Instalacion-India-4-1030x773.jpeg 1030w, https:\/\/www.clausius.es\/wp-content\/uploads\/2026\/03\/Instalacion-India-4-300x225.jpeg 300w, https:\/\/www.clausius.es\/wp-content\/uploads\/2026\/03\/Instalacion-India-4-768x576.jpeg 768w, https:\/\/www.clausius.es\/wp-content\/uploads\/2026\/03\/Instalacion-India-4-1536x1152.jpeg 1536w, https:\/\/www.clausius.es\/wp-content\/uploads\/2026\/03\/Instalacion-India-4-1500x1125.jpeg 1500w, https:\/\/www.clausius.es\/wp-content\/uploads\/2026\/03\/Instalacion-India-4-705x529.jpeg 705w, https:\/\/www.clausius.es\/wp-content\/uploads\/2026\/03\/Instalacion-India-4.jpeg 1600w\" sizes=\"auto, (max-width: 1030px) 100vw, 1030px\" \/><\/p>\n<p><img loading=\"lazy\" decoding=\"async\" class=\"alignnone size-large wp-image-12751\" src=\"https:\/\/www.clausius.es\/wp-content\/uploads\/2026\/03\/Instalacion-India-5-1030x687.jpeg\" alt=\"\" width=\"1030\" height=\"687\" srcset=\"https:\/\/www.clausius.es\/wp-content\/uploads\/2026\/03\/Instalacion-India-5-1030x687.jpeg 1030w, https:\/\/www.clausius.es\/wp-content\/uploads\/2026\/03\/Instalacion-India-5-300x200.jpeg 300w, https:\/\/www.clausius.es\/wp-content\/uploads\/2026\/03\/Instalacion-India-5-768x512.jpeg 768w, https:\/\/www.clausius.es\/wp-content\/uploads\/2026\/03\/Instalacion-India-5-1500x1000.jpeg 1500w, https:\/\/www.clausius.es\/wp-content\/uploads\/2026\/03\/Instalacion-India-5-705x470.jpeg 705w, https:\/\/www.clausius.es\/wp-content\/uploads\/2026\/03\/Instalacion-India-5.jpeg 1536w\" sizes=\"auto, (max-width: 1030px) 100vw, 1030px\" \/><\/p>\n<p><img loading=\"lazy\" decoding=\"async\" class=\"alignnone size-large wp-image-12781\" src=\"https:\/\/www.clausius.es\/wp-content\/uploads\/2026\/03\/Instalacion-India-6-1030x773.jpeg\" alt=\"\" width=\"1030\" height=\"773\" srcset=\"https:\/\/www.clausius.es\/wp-content\/uploads\/2026\/03\/Instalacion-India-6-1030x773.jpeg 1030w, https:\/\/www.clausius.es\/wp-content\/uploads\/2026\/03\/Instalacion-India-6-300x225.jpeg 300w, https:\/\/www.clausius.es\/wp-content\/uploads\/2026\/03\/Instalacion-India-6-768x576.jpeg 768w, https:\/\/www.clausius.es\/wp-content\/uploads\/2026\/03\/Instalacion-India-6-705x529.jpeg 705w, https:\/\/www.clausius.es\/wp-content\/uploads\/2026\/03\/Instalacion-India-6.jpeg 1280w\" sizes=\"auto, (max-width: 1030px) 100vw, 1030px\" \/><\/p>\n<p><img loading=\"lazy\" decoding=\"async\" class=\"alignnone  wp-image-12776\" src=\"https:\/\/www.clausius.es\/wp-content\/uploads\/2026\/03\/Instalacion-India-8-773x1030.jpeg\" alt=\"\" width=\"1030\" height=\"1372\" srcset=\"https:\/\/www.clausius.es\/wp-content\/uploads\/2026\/03\/Instalacion-India-8-773x1030.jpeg 773w, https:\/\/www.clausius.es\/wp-content\/uploads\/2026\/03\/Instalacion-India-8-225x300.jpeg 225w, https:\/\/www.clausius.es\/wp-content\/uploads\/2026\/03\/Instalacion-India-8-768x1024.jpeg 768w, https:\/\/www.clausius.es\/wp-content\/uploads\/2026\/03\/Instalacion-India-8-529x705.jpeg 529w, https:\/\/www.clausius.es\/wp-content\/uploads\/2026\/03\/Instalacion-India-8.jpeg 960w\" sizes=\"auto, (max-width: 1030px) 100vw, 1030px\" \/><\/p>\n<p><img loading=\"lazy\" decoding=\"async\" class=\"alignnone  wp-image-12756\" src=\"https:\/\/www.clausius.es\/wp-content\/uploads\/2026\/03\/Instalacion-India-7-773x1030.jpeg\" alt=\"\" width=\"1030\" height=\"1372\" srcset=\"https:\/\/www.clausius.es\/wp-content\/uploads\/2026\/03\/Instalacion-India-7-773x1030.jpeg 773w, https:\/\/www.clausius.es\/wp-content\/uploads\/2026\/03\/Instalacion-India-7-225x300.jpeg 225w, https:\/\/www.clausius.es\/wp-content\/uploads\/2026\/03\/Instalacion-India-7-768x1024.jpeg 768w, https:\/\/www.clausius.es\/wp-content\/uploads\/2026\/03\/Instalacion-India-7-529x705.jpeg 529w, https:\/\/www.clausius.es\/wp-content\/uploads\/2026\/03\/Instalacion-India-7.jpeg 960w\" sizes=\"auto, (max-width: 1030px) 100vw, 1030px\" \/><\/p>\n<p><img loading=\"lazy\" decoding=\"async\" class=\"size-large wp-image-12786 aligncenter\" src=\"https:\/\/www.clausius.es\/wp-content\/uploads\/2026\/03\/Instalacion-India-9-600x1030.jpeg\" alt=\"\" width=\"600\" height=\"1030\" srcset=\"https:\/\/www.clausius.es\/wp-content\/uploads\/2026\/03\/Instalacion-India-9-600x1030.jpeg 600w, https:\/\/www.clausius.es\/wp-content\/uploads\/2026\/03\/Instalacion-India-9-175x300.jpeg 175w, https:\/\/www.clausius.es\/wp-content\/uploads\/2026\/03\/Instalacion-India-9-411x705.jpeg 411w, https:\/\/www.clausius.es\/wp-content\/uploads\/2026\/03\/Instalacion-India-9.jpeg 746w\" sizes=\"auto, (max-width: 600px) 100vw, 600px\" \/><\/p>\n","protected":false},"excerpt":{"rendered":"<p>\u00a1Un hito hist\u00f3rico en la vida sostenible! Nos complace anunciar que hemos entregado con \u00e9xito la primera villa residencial privada de la India con sistemas de aire acondicionado geot\u00e9rmico y radiante. Esta vivienda redefine el confort, la eficiencia y la sostenibilidad. \ud83d\udd39 Sin ventiladores. Sin corrientes de aire. Confort puro y silencioso. \ud83d\udd39 Refrigeraci\u00f3n y [&hellip;]<\/p>\n","protected":false},"author":4,"featured_media":0,"comment_status":"closed","ping_status":"closed","sticky":false,"template":"","format":"standard","meta":{"footnotes":""},"categories":[375],"tags":[],"class_list":["post-12797","post","type-post","status-publish","format-standard","hentry","category-sin-categorizar"],"yoast_head":"<!-- This site is optimized with the Yoast SEO plugin v27.3 - https:\/\/yoast.com\/product\/yoast-seo-wordpress\/ -->\n<title>\u00a1UN HITO HIST\u00d3RICO EN LA VIDA SOSTENIBLE! - Clausius<\/title>\n<meta name=\"robots\" content=\"index, follow, max-snippet:-1, max-image-preview:large, max-video-preview:-1\" \/>\n<link rel=\"canonical\" href=\"https:\/\/www.clausius.es\/un-hito-historico-en-la-vida-sostenible\/\" \/>\n<meta property=\"og:locale\" content=\"de_DE\" \/>\n<meta property=\"og:type\" content=\"article\" \/>\n<meta property=\"og:title\" content=\"\u00a1UN HITO HIST\u00d3RICO EN LA VIDA SOSTENIBLE! - Clausius\" \/>\n<meta property=\"og:description\" content=\"\u00a1Un hito hist\u00f3rico en la vida sostenible! Nos complace anunciar que hemos entregado con \u00e9xito la primera villa residencial privada de la India con sistemas de aire acondicionado geot\u00e9rmico y radiante. Esta vivienda redefine el confort, la eficiencia y la sostenibilidad. \ud83d\udd39 Sin ventiladores. Sin corrientes de aire. Confort puro y silencioso. \ud83d\udd39 Refrigeraci\u00f3n y [&hellip;]\" \/>\n<meta property=\"og:url\" content=\"https:\/\/www.clausius.es\/un-hito-historico-en-la-vida-sostenible\/\" \/>\n<meta property=\"og:site_name\" content=\"Clausius\" \/>\n<meta property=\"article:published_time\" content=\"2026-03-12T11:35:59+00:00\" \/>\n<meta property=\"og:image\" content=\"https:\/\/www.clausius.es\/wp-content\/uploads\/2026\/03\/Instalacion-India-1.jpeg\" \/>\n\t<meta property=\"og:image:width\" content=\"1536\" \/>\n\t<meta property=\"og:image:height\" content=\"1024\" \/>\n\t<meta property=\"og:image:type\" content=\"image\/jpeg\" \/>\n<meta name=\"author\" content=\"clausius\" \/>\n<meta name=\"twitter:card\" content=\"summary_large_image\" \/>\n<meta name=\"twitter:label1\" content=\"Verfasst von\" \/>\n\t<meta name=\"twitter:data1\" content=\"clausius\" \/>\n\t<meta name=\"twitter:label2\" content=\"Gesch\u00e4tzte Lesezeit\" \/>\n\t<meta name=\"twitter:data2\" content=\"3\u00a0Minuten\" \/>\n<script type=\"application\/ld+json\" class=\"yoast-schema-graph\">{\"@context\":\"https:\\\/\\\/schema.org\",\"@graph\":[{\"@type\":\"Article\",\"@id\":\"https:\\\/\\\/www.clausius.es\\\/un-hito-historico-en-la-vida-sostenible\\\/#article\",\"isPartOf\":{\"@id\":\"https:\\\/\\\/www.clausius.es\\\/un-hito-historico-en-la-vida-sostenible\\\/\"},\"author\":{\"name\":\"clausius\",\"@id\":\"https:\\\/\\\/www.clausius.es\\\/#\\\/schema\\\/person\\\/267cefa9b948053e58998aca8a6cb17a\"},\"headline\":\"\u00a1UN HITO HIST\u00d3RICO EN LA VIDA SOSTENIBLE!\",\"datePublished\":\"2026-03-12T11:35:59+00:00\",\"mainEntityOfPage\":{\"@id\":\"https:\\\/\\\/www.clausius.es\\\/un-hito-historico-en-la-vida-sostenible\\\/\"},\"wordCount\":218,\"image\":{\"@id\":\"https:\\\/\\\/www.clausius.es\\\/un-hito-historico-en-la-vida-sostenible\\\/#primaryimage\"},\"thumbnailUrl\":\"https:\\\/\\\/www.clausius.es\\\/wp-content\\\/uploads\\\/2026\\\/03\\\/Instalacion-India-1-1030x687.jpeg\",\"articleSection\":[\"Sin categorizar\"],\"inLanguage\":\"de\"},{\"@type\":\"WebPage\",\"@id\":\"https:\\\/\\\/www.clausius.es\\\/un-hito-historico-en-la-vida-sostenible\\\/\",\"url\":\"https:\\\/\\\/www.clausius.es\\\/un-hito-historico-en-la-vida-sostenible\\\/\",\"name\":\"\u00a1UN HITO HIST\u00d3RICO EN LA VIDA SOSTENIBLE! - Clausius\",\"isPartOf\":{\"@id\":\"https:\\\/\\\/www.clausius.es\\\/#website\"},\"primaryImageOfPage\":{\"@id\":\"https:\\\/\\\/www.clausius.es\\\/un-hito-historico-en-la-vida-sostenible\\\/#primaryimage\"},\"image\":{\"@id\":\"https:\\\/\\\/www.clausius.es\\\/un-hito-historico-en-la-vida-sostenible\\\/#primaryimage\"},\"thumbnailUrl\":\"https:\\\/\\\/www.clausius.es\\\/wp-content\\\/uploads\\\/2026\\\/03\\\/Instalacion-India-1-1030x687.jpeg\",\"datePublished\":\"2026-03-12T11:35:59+00:00\",\"author\":{\"@id\":\"https:\\\/\\\/www.clausius.es\\\/#\\\/schema\\\/person\\\/267cefa9b948053e58998aca8a6cb17a\"},\"breadcrumb\":{\"@id\":\"https:\\\/\\\/www.clausius.es\\\/un-hito-historico-en-la-vida-sostenible\\\/#breadcrumb\"},\"inLanguage\":\"de\",\"potentialAction\":[{\"@type\":\"ReadAction\",\"target\":[\"https:\\\/\\\/www.clausius.es\\\/un-hito-historico-en-la-vida-sostenible\\\/\"]}]},{\"@type\":\"ImageObject\",\"inLanguage\":\"de\",\"@id\":\"https:\\\/\\\/www.clausius.es\\\/un-hito-historico-en-la-vida-sostenible\\\/#primaryimage\",\"url\":\"https:\\\/\\\/www.clausius.es\\\/wp-content\\\/uploads\\\/2026\\\/03\\\/Instalacion-India-1-1030x687.jpeg\",\"contentUrl\":\"https:\\\/\\\/www.clausius.es\\\/wp-content\\\/uploads\\\/2026\\\/03\\\/Instalacion-India-1-1030x687.jpeg\"},{\"@type\":\"BreadcrumbList\",\"@id\":\"https:\\\/\\\/www.clausius.es\\\/un-hito-historico-en-la-vida-sostenible\\\/#breadcrumb\",\"itemListElement\":[{\"@type\":\"ListItem\",\"position\":1,\"name\":\"Portada\",\"item\":\"https:\\\/\\\/www.clausius.es\\\/de\\\/titelseite\\\/\"},{\"@type\":\"ListItem\",\"position\":2,\"name\":\"\u00a1UN HITO HIST\u00d3RICO EN LA VIDA SOSTENIBLE!\"}]},{\"@type\":\"WebSite\",\"@id\":\"https:\\\/\\\/www.clausius.es\\\/#website\",\"url\":\"https:\\\/\\\/www.clausius.es\\\/\",\"name\":\"Clausius\",\"description\":\"\",\"potentialAction\":[{\"@type\":\"SearchAction\",\"target\":{\"@type\":\"EntryPoint\",\"urlTemplate\":\"https:\\\/\\\/www.clausius.es\\\/?s={search_term_string}\"},\"query-input\":{\"@type\":\"PropertyValueSpecification\",\"valueRequired\":true,\"valueName\":\"search_term_string\"}}],\"inLanguage\":\"de\"},{\"@type\":\"Person\",\"@id\":\"https:\\\/\\\/www.clausius.es\\\/#\\\/schema\\\/person\\\/267cefa9b948053e58998aca8a6cb17a\",\"name\":\"clausius\",\"image\":{\"@type\":\"ImageObject\",\"inLanguage\":\"de\",\"@id\":\"https:\\\/\\\/secure.gravatar.com\\\/avatar\\\/bda63019900c83fa00f81cefb19dbf28e7e79c7ba3229f1001c8cfab54af8387?s=96&d=mm&r=g\",\"url\":\"https:\\\/\\\/secure.gravatar.com\\\/avatar\\\/bda63019900c83fa00f81cefb19dbf28e7e79c7ba3229f1001c8cfab54af8387?s=96&d=mm&r=g\",\"contentUrl\":\"https:\\\/\\\/secure.gravatar.com\\\/avatar\\\/bda63019900c83fa00f81cefb19dbf28e7e79c7ba3229f1001c8cfab54af8387?s=96&d=mm&r=g\",\"caption\":\"clausius\"},\"url\":\"https:\\\/\\\/www.clausius.es\\\/de\\\/author\\\/clausius\\\/\"}]}<\/script>\n<!-- \/ Yoast SEO plugin. -->","yoast_head_json":{"title":"\u00a1UN HITO HIST\u00d3RICO EN LA VIDA SOSTENIBLE! - Clausius","robots":{"index":"index","follow":"follow","max-snippet":"max-snippet:-1","max-image-preview":"max-image-preview:large","max-video-preview":"max-video-preview:-1"},"canonical":"https:\/\/www.clausius.es\/un-hito-historico-en-la-vida-sostenible\/","og_locale":"de_DE","og_type":"article","og_title":"\u00a1UN HITO HIST\u00d3RICO EN LA VIDA SOSTENIBLE! - Clausius","og_description":"\u00a1Un hito hist\u00f3rico en la vida sostenible! Nos complace anunciar que hemos entregado con \u00e9xito la primera villa residencial privada de la India con sistemas de aire acondicionado geot\u00e9rmico y radiante. Esta vivienda redefine el confort, la eficiencia y la sostenibilidad. \ud83d\udd39 Sin ventiladores. Sin corrientes de aire. Confort puro y silencioso. \ud83d\udd39 Refrigeraci\u00f3n y [&hellip;]","og_url":"https:\/\/www.clausius.es\/un-hito-historico-en-la-vida-sostenible\/","og_site_name":"Clausius","article_published_time":"2026-03-12T11:35:59+00:00","og_image":[{"width":1536,"height":1024,"url":"https:\/\/www.clausius.es\/wp-content\/uploads\/2026\/03\/Instalacion-India-1.jpeg","type":"image\/jpeg"}],"author":"clausius","twitter_card":"summary_large_image","twitter_misc":{"Verfasst von":"clausius","Gesch\u00e4tzte Lesezeit":"3\u00a0Minuten"},"schema":{"@context":"https:\/\/schema.org","@graph":[{"@type":"Article","@id":"https:\/\/www.clausius.es\/un-hito-historico-en-la-vida-sostenible\/#article","isPartOf":{"@id":"https:\/\/www.clausius.es\/un-hito-historico-en-la-vida-sostenible\/"},"author":{"name":"clausius","@id":"https:\/\/www.clausius.es\/#\/schema\/person\/267cefa9b948053e58998aca8a6cb17a"},"headline":"\u00a1UN HITO HIST\u00d3RICO EN LA VIDA SOSTENIBLE!","datePublished":"2026-03-12T11:35:59+00:00","mainEntityOfPage":{"@id":"https:\/\/www.clausius.es\/un-hito-historico-en-la-vida-sostenible\/"},"wordCount":218,"image":{"@id":"https:\/\/www.clausius.es\/un-hito-historico-en-la-vida-sostenible\/#primaryimage"},"thumbnailUrl":"https:\/\/www.clausius.es\/wp-content\/uploads\/2026\/03\/Instalacion-India-1-1030x687.jpeg","articleSection":["Sin categorizar"],"inLanguage":"de"},{"@type":"WebPage","@id":"https:\/\/www.clausius.es\/un-hito-historico-en-la-vida-sostenible\/","url":"https:\/\/www.clausius.es\/un-hito-historico-en-la-vida-sostenible\/","name":"\u00a1UN HITO HIST\u00d3RICO EN LA VIDA SOSTENIBLE! - Clausius","isPartOf":{"@id":"https:\/\/www.clausius.es\/#website"},"primaryImageOfPage":{"@id":"https:\/\/www.clausius.es\/un-hito-historico-en-la-vida-sostenible\/#primaryimage"},"image":{"@id":"https:\/\/www.clausius.es\/un-hito-historico-en-la-vida-sostenible\/#primaryimage"},"thumbnailUrl":"https:\/\/www.clausius.es\/wp-content\/uploads\/2026\/03\/Instalacion-India-1-1030x687.jpeg","datePublished":"2026-03-12T11:35:59+00:00","author":{"@id":"https:\/\/www.clausius.es\/#\/schema\/person\/267cefa9b948053e58998aca8a6cb17a"},"breadcrumb":{"@id":"https:\/\/www.clausius.es\/un-hito-historico-en-la-vida-sostenible\/#breadcrumb"},"inLanguage":"de","potentialAction":[{"@type":"ReadAction","target":["https:\/\/www.clausius.es\/un-hito-historico-en-la-vida-sostenible\/"]}]},{"@type":"ImageObject","inLanguage":"de","@id":"https:\/\/www.clausius.es\/un-hito-historico-en-la-vida-sostenible\/#primaryimage","url":"https:\/\/www.clausius.es\/wp-content\/uploads\/2026\/03\/Instalacion-India-1-1030x687.jpeg","contentUrl":"https:\/\/www.clausius.es\/wp-content\/uploads\/2026\/03\/Instalacion-India-1-1030x687.jpeg"},{"@type":"BreadcrumbList","@id":"https:\/\/www.clausius.es\/un-hito-historico-en-la-vida-sostenible\/#breadcrumb","itemListElement":[{"@type":"ListItem","position":1,"name":"Portada","item":"https:\/\/www.clausius.es\/de\/titelseite\/"},{"@type":"ListItem","position":2,"name":"\u00a1UN HITO HIST\u00d3RICO EN LA VIDA SOSTENIBLE!"}]},{"@type":"WebSite","@id":"https:\/\/www.clausius.es\/#website","url":"https:\/\/www.clausius.es\/","name":"Clausius","description":"","potentialAction":[{"@type":"SearchAction","target":{"@type":"EntryPoint","urlTemplate":"https:\/\/www.clausius.es\/?s={search_term_string}"},"query-input":{"@type":"PropertyValueSpecification","valueRequired":true,"valueName":"search_term_string"}}],"inLanguage":"de"},{"@type":"Person","@id":"https:\/\/www.clausius.es\/#\/schema\/person\/267cefa9b948053e58998aca8a6cb17a","name":"clausius","image":{"@type":"ImageObject","inLanguage":"de","@id":"https:\/\/secure.gravatar.com\/avatar\/bda63019900c83fa00f81cefb19dbf28e7e79c7ba3229f1001c8cfab54af8387?s=96&d=mm&r=g","url":"https:\/\/secure.gravatar.com\/avatar\/bda63019900c83fa00f81cefb19dbf28e7e79c7ba3229f1001c8cfab54af8387?s=96&d=mm&r=g","contentUrl":"https:\/\/secure.gravatar.com\/avatar\/bda63019900c83fa00f81cefb19dbf28e7e79c7ba3229f1001c8cfab54af8387?s=96&d=mm&r=g","caption":"clausius"},"url":"https:\/\/www.clausius.es\/de\/author\/clausius\/"}]}},"_links":{"self":[{"href":"https:\/\/www.clausius.es\/de\/wp-json\/wp\/v2\/posts\/12797","targetHints":{"allow":["GET"]}}],"collection":[{"href":"https:\/\/www.clausius.es\/de\/wp-json\/wp\/v2\/posts"}],"about":[{"href":"https:\/\/www.clausius.es\/de\/wp-json\/wp\/v2\/types\/post"}],"author":[{"embeddable":true,"href":"https:\/\/www.clausius.es\/de\/wp-json\/wp\/v2\/users\/4"}],"replies":[{"embeddable":true,"href":"https:\/\/www.clausius.es\/de\/wp-json\/wp\/v2\/comments?post=12797"}],"version-history":[{"count":2,"href":"https:\/\/www.clausius.es\/de\/wp-json\/wp\/v2\/posts\/12797\/revisions"}],"predecessor-version":[{"id":13095,"href":"https:\/\/www.clausius.es\/de\/wp-json\/wp\/v2\/posts\/12797\/revisions\/13095"}],"wp:attachment":[{"href":"https:\/\/www.clausius.es\/de\/wp-json\/wp\/v2\/media?parent=12797"}],"wp:term":[{"taxonomy":"category","embeddable":true,"href":"https:\/\/www.clausius.es\/de\/wp-json\/wp\/v2\/categories?post=12797"},{"taxonomy":"post_tag","embeddable":true,"href":"https:\/\/www.clausius.es\/de\/wp-json\/wp\/v2\/tags?post=12797"}],"curies":[{"name":"wp","href":"https:\/\/api.w.org\/{rel}","templated":true}]}}